{"id":106,"date":"2016-09-16T11:46:32","date_gmt":"2016-09-16T11:46:32","guid":{"rendered":"http:\/\/www.cercle-lc.ch\/?p=106"},"modified":"2023-12-06T19:42:32","modified_gmt":"2023-12-06T17:42:32","slug":"106-2","status":"publish","type":"post","link":"https:\/\/cercle-lc.ch\/wordpress\/106-2\/","title":{"rendered":"Bienvenue sur le site du Cercle"},"content":{"rendered":"<p>Le Cercle litt\u00e9raire et de commerce a \u00e9t\u00e9 fond\u00e9 \u00e0 Fribourg en 1816.<\/p>\n<p>Son but est de favoriser la formation civique des citoyens et citoyennes et leur participation \u00e0 la vie politique et culturelle de la cit\u00e9 et promouvoir les principes lib\u00e9raux-radicaux..<\/p>\n<p>Le Caf\u00e9-restaurant le Jura est propri\u00e9t\u00e9 du Cercle<\/p>\n<p><strong>Adresse:<\/strong><br \/>\nAssociation\u00a0 Cercle litt\u00e9raire et de commerce<br \/>\nc\/o G\u00e9rances Fonci\u00e8res S.A.<br \/>\nBoulevard de P\u00e9rolles 30<br \/>\n1700 Fribourg<\/p>\n","protected":false},"excerpt":{"rendered":"<p>Le Cercle litt\u00e9raire et de commerce a \u00e9t\u00e9 fond\u00e9 \u00e0 Fribourg en 1816. Son but est de favoriser la formation civique des citoyens et citoyennes et leur participation \u00e0 la vie politique et culturelle de la cit\u00e9 et promouvoir les principes lib\u00e9raux-radicaux.. Le Caf\u00e9-restaurant le Jura est propri\u00e9t\u00e9 du Cercle Adresse: Association\u00a0 Cercle litt\u00e9raire et [&hellip;]<\/p>\n","protected":false},"author":1,"featured_media":0,"comment_status":"open","ping_status":"closed","sticky":false,"template":"","format":"standard","meta":{"footnotes":""},"categories":[3],"tags":[],"class_list":["post-106","post","type-post","status-publish","format-standard","hentry","category-cercle"],"_links":{"self":[{"href":"https:\/\/cercle-lc.ch\/wordpress\/wp-json\/wp\/v2\/posts\/106","targetHints":{"allow":["GET"]}}],"collection":[{"href":"https:\/\/cercle-lc.ch\/wordpress\/wp-json\/wp\/v2\/posts"}],"about":[{"href":"https:\/\/cercle-lc.ch\/wordpress\/wp-json\/wp\/v2\/types\/post"}],"author":[{"embeddable":true,"href":"https:\/\/cercle-lc.ch\/wordpress\/wp-json\/wp\/v2\/users\/1"}],"replies":[{"embeddable":true,"href":"https:\/\/cercle-lc.ch\/wordpress\/wp-json\/wp\/v2\/comments?post=106"}],"version-history":[{"count":4,"href":"https:\/\/cercle-lc.ch\/wordpress\/wp-json\/wp\/v2\/posts\/106\/revisions"}],"predecessor-version":[{"id":633,"href":"https:\/\/cercle-lc.ch\/wordpress\/wp-json\/wp\/v2\/posts\/106\/revisions\/633"}],"wp:attachment":[{"href":"https:\/\/cercle-lc.ch\/wordpress\/wp-json\/wp\/v2\/media?parent=106"}],"wp:term":[{"taxonomy":"category","embeddable":true,"href":"https:\/\/cercle-lc.ch\/wordpress\/wp-json\/wp\/v2\/categories?post=106"},{"taxonomy":"post_tag","embeddable":true,"href":"https:\/\/cercle-lc.ch\/wordpress\/wp-json\/wp\/v2\/tags?post=106"}],"curies":[{"name":"wp","href":"https:\/\/api.w.org\/{rel}","templated":true}]}}